{"id":1,"date":"2010-12-06T12:26:08","date_gmt":"2010-12-06T12:26:08","guid":{"rendered":"http:\/\/www.vom-hohen-garten.de\/?p=1"},"modified":"2012-11-23T10:32:03","modified_gmt":"2012-11-23T10:32:03","slug":"hallo-welt","status":"publish","type":"post","link":"https:\/\/www.vom-hohen-garten.de\/?p=1","title":{"rendered":"Hallo Welt!"},"content":{"rendered":"<p><font size=\"3\" face=\"Arial\">Herzlich Willkommen,<\/font><\/p>\n<p><font face=\"Arial\"><font size=\"3\">bei den Golden Retrievern&#160;&#160;&#160; <span style=\"font-size: medium\"><strong>\u201evom hohen Garten\u201c<\/strong><\/span><\/font><\/font><\/p>\n<p align=\"left\"><font size=\"3\" face=\"Arial\">Unser Zwinger ist beim Deutschen Retriever Club <\/font><a href=\"http:\/\/www.drc.de\/\"><font size=\"3\" face=\"Arial\">(DRC)<\/font><\/a><font size=\"3\" face=\"Arial\"> registriert,&#160; der Mitglied im Verband f\u00fcr das deutsche Hundewesen <\/font><a href=\"http:\/\/www.vdh.de\/\"><font size=\"3\" face=\"Arial\">(VDH)<\/font><\/a><font size=\"3\" face=\"Arial\">, der F\u00e9d\u00e9ration Cynologique International <\/font><a href=\"http:\/\/www.fci.be\/\"><font size=\"3\" face=\"Arial\">(FCI)<\/font><\/a><font size=\"3\" face=\"Arial\"> und im Deutschen Jagdgebrauchshundeverband&#160; (<\/font><a href=\"http:\/\/www.jghv.de\/\"><font size=\"3\" face=\"Arial\">JGHV)<\/font><\/a><font size=\"3\" face=\"Arial\"> ist.<\/font><\/p>\n","protected":false},"excerpt":{"rendered":"<p>Herzlich Willkommen, bei den Golden Retrievern&#160;&#160;&#160; \u201evom hohen Garten\u201c Unser Zwinger ist beim Deutschen Retriever Club (DRC) registriert,&#160; der Mitglied im Verband f\u00fcr das deutsche Hundewesen (VDH), der F\u00e9d\u00e9ration Cynologique International (FCI) und im Deutschen Jagdgebrauchshundeverband&#160; (JGHV) ist.<\/p>\n","protected":false},"author":1,"featured_media":0,"comment_status":"closed","ping_status":"closed","sticky":true,"template":"","format":"standard","meta":{"footnotes":""},"categories":[1],"tags":[],"_links":{"self":[{"href":"https:\/\/www.vom-hohen-garten.de\/index.php?rest_route=\/wp\/v2\/posts\/1"}],"collection":[{"href":"https:\/\/www.vom-hohen-garten.de\/index.php?rest_route=\/wp\/v2\/posts"}],"about":[{"href":"https:\/\/www.vom-hohen-garten.de\/index.php?rest_route=\/wp\/v2\/types\/post"}],"author":[{"embeddable":true,"href":"https:\/\/www.vom-hohen-garten.de\/index.php?rest_route=\/wp\/v2\/users\/1"}],"replies":[{"embeddable":true,"href":"https:\/\/www.vom-hohen-garten.de\/index.php?rest_route=%2Fwp%2Fv2%2Fcomments&post=1"}],"version-history":[{"count":21,"href":"https:\/\/www.vom-hohen-garten.de\/index.php?rest_route=\/wp\/v2\/posts\/1\/revisions"}],"predecessor-version":[{"id":1163,"href":"https:\/\/www.vom-hohen-garten.de\/index.php?rest_route=\/wp\/v2\/posts\/1\/revisions\/1163"}],"wp:attachment":[{"href":"https:\/\/www.vom-hohen-garten.de\/index.php?rest_route=%2Fwp%2Fv2%2Fmedia&parent=1"}],"wp:term":[{"taxonomy":"category","embeddable":true,"href":"https:\/\/www.vom-hohen-garten.de\/index.php?rest_route=%2Fwp%2Fv2%2Fcategories&post=1"},{"taxonomy":"post_tag","embeddable":true,"href":"https:\/\/www.vom-hohen-garten.de\/index.php?rest_route=%2Fwp%2Fv2%2Ftags&post=1"}],"curies":[{"name":"wp","href":"https:\/\/api.w.org\/{rel}","templated":true}]}}