{"id":3499,"date":"2021-12-05T00:01:00","date_gmt":"2021-12-04T23:01:00","guid":{"rendered":"http:\/\/www.vom-hohen-garten.de\/?p=3499"},"modified":"2021-12-04T16:31:50","modified_gmt":"2021-12-04T15:31:50","slug":"als-alles-begann","status":"publish","type":"post","link":"https:\/\/www.vom-hohen-garten.de\/?p=3499","title":{"rendered":"Als alles begann"},"content":{"rendered":"<p><font size=\"3\" face=\"Berlin Sans FB\">Heute vor 11 Jahren erblicken Arthur, Anton, Armando, Amy und Athos das Licht der Welt. <br \/>Mama Lena vom Tor zur Egge gratuliert ihren f\u00fcnf Rabauken zum Geburtstag, auch Papa Chinnordale Skydiver schaut heute aus dem Regenbogenland auf euch herunter.<br \/>Holly, Samira und die Zweibeiner schlie\u00dfen sich den Gl\u00fcckw\u00fcnschen an. <br \/>Lasst euch so richtig sch\u00f6n verw\u00f6hnen und macht euren Zweibeiern weiterhin viel Freude.<\/font><\/p>\n<p><font size=\"3\" face=\"Berlin Sans FB\"><\/font><\/p>\n","protected":false},"excerpt":{"rendered":"<p>Heute vor 11 Jahren erblicken Arthur, Anton, Armando, Amy und Athos das Licht der Welt. Mama Lena vom Tor zur Egge gratuliert ihren f\u00fcnf Rabauken zum Geburtstag, auch Papa Chinnordale Skydiver schaut heute aus dem Regenbogenland auf euch herunter.Holly, Samira &hellip; <a href=\"https:\/\/www.vom-hohen-garten.de\/?p=3499\">Weiterlesen <span class=\"meta-nav\">&rarr;<\/span><\/a><\/p>\n","protected":false},"author":1,"featured_media":0,"comment_status":"closed","ping_status":"closed","sticky":false,"template":"","format":"standard","meta":{"footnotes":""},"categories":[1],"tags":[],"_links":{"self":[{"href":"https:\/\/www.vom-hohen-garten.de\/index.php?rest_route=\/wp\/v2\/posts\/3499"}],"collection":[{"href":"https:\/\/www.vom-hohen-garten.de\/index.php?rest_route=\/wp\/v2\/posts"}],"about":[{"href":"https:\/\/www.vom-hohen-garten.de\/index.php?rest_route=\/wp\/v2\/types\/post"}],"author":[{"embeddable":true,"href":"https:\/\/www.vom-hohen-garten.de\/index.php?rest_route=\/wp\/v2\/users\/1"}],"replies":[{"embeddable":true,"href":"https:\/\/www.vom-hohen-garten.de\/index.php?rest_route=%2Fwp%2Fv2%2Fcomments&post=3499"}],"version-history":[{"count":1,"href":"https:\/\/www.vom-hohen-garten.de\/index.php?rest_route=\/wp\/v2\/posts\/3499\/revisions"}],"predecessor-version":[{"id":3500,"href":"https:\/\/www.vom-hohen-garten.de\/index.php?rest_route=\/wp\/v2\/posts\/3499\/revisions\/3500"}],"wp:attachment":[{"href":"https:\/\/www.vom-hohen-garten.de\/index.php?rest_route=%2Fwp%2Fv2%2Fmedia&parent=3499"}],"wp:term":[{"taxonomy":"category","embeddable":true,"href":"https:\/\/www.vom-hohen-garten.de\/index.php?rest_route=%2Fwp%2Fv2%2Fcategories&post=3499"},{"taxonomy":"post_tag","embeddable":true,"href":"https:\/\/www.vom-hohen-garten.de\/index.php?rest_route=%2Fwp%2Fv2%2Ftags&post=3499"}],"curies":[{"name":"wp","href":"https:\/\/api.w.org\/{rel}","templated":true}]}}